{"id":5057,"date":"2024-11-23T07:36:52","date_gmt":"2024-11-23T07:36:52","guid":{"rendered":"https:\/\/kistelekisajt.hu\/?p=5057"},"modified":"2024-12-31T06:35:12","modified_gmt":"2024-12-31T06:35:12","slug":"kisteleki-mm-sajtgyarto-kft-30-eves-lett","status":"publish","type":"post","link":"https:\/\/kistelekisajt.hu\/en\/2024\/11\/23\/kisteleki-mm-sajtgyarto-kft-30-eves-lett\/","title":{"rendered":"Kisteleki M+M Sajtgy\u00e1rt\u00f3 Kft. turned 30 years old."},"content":{"rendered":"<div data-elementor-type=\"wp-post\" data-elementor-id=\"5057\" class=\"elementor elementor-5057\" data-elementor-post-type=\"post\">\n\t\t\t\t\t\t<section class=\"elementor-section elementor-top-section elementor-element elementor-element-69819e2e elementor-section-full_width elementor-section-content-middle elementor-reverse-mobile elementor-section-height-default elementor-section-height-default\" data-id=\"69819e2e\" data-element_type=\"section\">\n\t\t\t\t\t\t<div class=\"elementor-container elementor-column-gap-no\">\n\t\t\t\t\t<div class=\"elementor-column elementor-col-100 elementor-top-column elementor-element elementor-element-89a8adb\" data-id=\"89a8adb\" data-element_type=\"column\">\n\t\t\t<div class=\"elementor-widget-wrap elementor-element-populated\">\n\t\t\t\t\t\t<div class=\"elementor-element elementor-element-6dc4798b elementor-widget__width-initial elementor-widget elementor-widget-image\" data-id=\"6dc4798b\" data-element_type=\"widget\" data-widget_type=\"image.default\">\n\t\t\t\t<div class=\"elementor-widget-container\">\n\t\t\t\t\t\t\t\t\t\t\t\t\t\t\t<img fetchpriority=\"high\" decoding=\"async\" width=\"683\" height=\"1024\" src=\"https:\/\/kistelekisajt.hu\/wp-content\/uploads\/2024\/12\/Kisteleki_sajtgyar_30_0568_Z1_01678-683x1024.webp\" class=\"attachment-large size-large wp-image-5058\" alt=\"\" srcset=\"https:\/\/kistelekisajt.hu\/wp-content\/uploads\/2024\/12\/Kisteleki_sajtgyar_30_0568_Z1_01678-683x1024.webp 683w, https:\/\/kistelekisajt.hu\/wp-content\/uploads\/2024\/12\/Kisteleki_sajtgyar_30_0568_Z1_01678-200x300.webp 200w, https:\/\/kistelekisajt.hu\/wp-content\/uploads\/2024\/12\/Kisteleki_sajtgyar_30_0568_Z1_01678-768x1152.webp 768w, https:\/\/kistelekisajt.hu\/wp-content\/uploads\/2024\/12\/Kisteleki_sajtgyar_30_0568_Z1_01678-1024x1536.webp 1024w, https:\/\/kistelekisajt.hu\/wp-content\/uploads\/2024\/12\/Kisteleki_sajtgyar_30_0568_Z1_01678-1365x2048.webp 1365w, https:\/\/kistelekisajt.hu\/wp-content\/uploads\/2024\/12\/Kisteleki_sajtgyar_30_0568_Z1_01678-8x12.webp 8w, https:\/\/kistelekisajt.hu\/wp-content\/uploads\/2024\/12\/Kisteleki_sajtgyar_30_0568_Z1_01678-1000x1500.webp 1000w, https:\/\/kistelekisajt.hu\/wp-content\/uploads\/2024\/12\/Kisteleki_sajtgyar_30_0568_Z1_01678-scaled.webp 1707w\" sizes=\"(max-width: 683px) 100vw, 683px\" \/>\t\t\t\t\t\t\t\t\t\t\t\t\t\t\t<\/div>\n\t\t\t\t<\/div>\n\t\t\t\t\t<\/div>\n\t\t<\/div>\n\t\t\t\t\t<\/div>\n\t\t<\/section>\n\t\t\t\t<section class=\"elementor-section elementor-top-section elementor-element elementor-element-4b488284 elementor-section-boxed elementor-section-height-default elementor-section-height-default\" data-id=\"4b488284\" data-element_type=\"section\">\n\t\t\t\t\t\t<div class=\"elementor-container elementor-column-gap-default\">\n\t\t\t\t\t<div class=\"elementor-column elementor-col-100 elementor-top-column elementor-element elementor-element-3d430223\" data-id=\"3d430223\" data-element_type=\"column\">\n\t\t\t<div class=\"elementor-widget-wrap elementor-element-populated\">\n\t\t\t\t\t\t<div class=\"elementor-element elementor-element-3c662402 elementor-widget elementor-widget-text-editor\" data-id=\"3c662402\" data-element_type=\"widget\" data-widget_type=\"text-editor.default\">\n\t\t\t\t<div class=\"elementor-widget-container\">\n\t\t\t\t\t\t\t\t\t<p>Kisteleki M+M Sajtgy\u00e1rt\u00f3 Kft. celebrated its 30th anniversary with an event to celebrate the company's past successes and future goals.<\/p><p>Photos from the event capture special moments and community togetherness.<\/p><p><!-- \/wp:paragraph --><!-- wp:paragraph --><\/p><p><!-- \/wp:paragraph --><\/p>\t\t\t\t\t\t\t\t<\/div>\n\t\t\t\t<\/div>\n\t\t\t\t\t<\/div>\n\t\t<\/div>\n\t\t\t\t\t<\/div>\n\t\t<\/section>\n\t\t\t\t<section class=\"elementor-section elementor-top-section elementor-element elementor-element-244ebfd8 elementor-section-height-min-height elementor-section-items-stretch elementor-section-content-top elementor-reverse-mobile elementor-section-boxed elementor-section-height-default\" data-id=\"244ebfd8\" data-element_type=\"section\">\n\t\t\t\t\t\t<div class=\"elementor-container elementor-column-gap-no\">\n\t\t\t\t\t<div class=\"elementor-column elementor-col-50 elementor-top-column elementor-element elementor-element-2c365a8f\" data-id=\"2c365a8f\" data-element_type=\"column\" data-settings=\"{&quot;background_background&quot;:&quot;classic&quot;}\">\n\t\t\t<div class=\"elementor-widget-wrap elementor-element-populated\">\n\t\t\t\t\t\t<div class=\"elementor-element elementor-element-5ae89b7e elementor-widget-tablet__width-initial elementor-widget elementor-widget-text-editor\" data-id=\"5ae89b7e\" data-element_type=\"widget\" data-widget_type=\"text-editor.default\">\n\t\t\t\t<div class=\"elementor-widget-container\">\n\t\t\t\t\t\t\t\t\t<p class=\"mbr-title pt-2 mbr-fonts-style align-center display-5\">The mayor of Kistelek, S\u00e1ndor Nagy, hands over the honorary diploma to managing director, J\u00f3zsef Magyar jr.<\/p>\t\t\t\t\t\t\t\t<\/div>\n\t\t\t\t<\/div>\n\t\t\t\t\t<\/div>\n\t\t<\/div>\n\t\t\t\t<div class=\"elementor-column elementor-col-50 elementor-top-column elementor-element elementor-element-da5fdac\" data-id=\"da5fdac\" data-element_type=\"column\" data-settings=\"{&quot;background_background&quot;:&quot;classic&quot;}\">\n\t\t\t<div class=\"elementor-widget-wrap\">\n\t\t\t\t\t\t\t<\/div>\n\t\t<\/div>\n\t\t\t\t\t<\/div>\n\t\t<\/section>\n\t\t\t\t<section class=\"elementor-section elementor-top-section elementor-element elementor-element-48cf6a71 elementor-section-height-min-height elementor-section-items-stretch elementor-section-content-top elementor-section-boxed elementor-section-height-default\" data-id=\"48cf6a71\" data-element_type=\"section\">\n\t\t\t\t\t\t<div class=\"elementor-container elementor-column-gap-no\">\n\t\t\t\t\t<div class=\"elementor-column elementor-col-50 elementor-top-column elementor-element elementor-element-3dd15a8f\" data-id=\"3dd15a8f\" data-element_type=\"column\" data-settings=\"{&quot;background_background&quot;:&quot;classic&quot;}\">\n\t\t\t<div class=\"elementor-widget-wrap\">\n\t\t\t\t\t\t\t<\/div>\n\t\t<\/div>\n\t\t\t\t<div class=\"elementor-column elementor-col-50 elementor-top-column elementor-element elementor-element-39cc3062\" data-id=\"39cc3062\" data-element_type=\"column\" data-settings=\"{&quot;background_background&quot;:&quot;classic&quot;}\">\n\t\t\t<div class=\"elementor-widget-wrap elementor-element-populated\">\n\t\t\t\t\t\t<div class=\"elementor-element elementor-element-72ef612f elementor-widget-tablet__width-initial elementor-widget elementor-widget-text-editor\" data-id=\"72ef612f\" data-element_type=\"widget\" data-widget_type=\"text-editor.default\">\n\t\t\t\t<div class=\"elementor-widget-container\">\n\t\t\t\t\t\t\t\t\t<p class=\"mbr-title pt-2 mbr-fonts-style align-center display-5\">Mayor S\u00e1ndor Nagy, owner J\u00f3zsef Magyar and J\u00f3zsef Magyar jr., managing director.<\/p>\t\t\t\t\t\t\t\t<\/div>\n\t\t\t\t<\/div>\n\t\t\t\t\t<\/div>\n\t\t<\/div>\n\t\t\t\t\t<\/div>\n\t\t<\/section>\n\t\t\t\t<section class=\"elementor-section elementor-top-section elementor-element elementor-element-4d818384 elementor-section-height-min-height elementor-section-items-stretch elementor-section-content-top elementor-reverse-mobile elementor-section-boxed elementor-section-height-default\" data-id=\"4d818384\" data-element_type=\"section\">\n\t\t\t\t\t\t<div class=\"elementor-container elementor-column-gap-no\">\n\t\t\t\t\t<div class=\"elementor-column elementor-col-50 elementor-top-column elementor-element elementor-element-49384065\" data-id=\"49384065\" data-element_type=\"column\" data-settings=\"{&quot;background_background&quot;:&quot;classic&quot;}\">\n\t\t\t<div class=\"elementor-widget-wrap elementor-element-populated\">\n\t\t\t\t\t\t<div class=\"elementor-element elementor-element-122d9d55 elementor-widget-tablet__width-initial elementor-widget elementor-widget-text-editor\" data-id=\"122d9d55\" data-element_type=\"widget\" data-widget_type=\"text-editor.default\">\n\t\t\t\t<div class=\"elementor-widget-container\">\n\t\t\t\t\t\t\t\t\t<p class=\"mbr-title pt-2 mbr-fonts-style align-center display-5\">Our employees were rewarded for their more than 25 years of employment.<\/p>\t\t\t\t\t\t\t\t<\/div>\n\t\t\t\t<\/div>\n\t\t\t\t\t<\/div>\n\t\t<\/div>\n\t\t\t\t<div class=\"elementor-column elementor-col-50 elementor-top-column elementor-element elementor-element-4cbe0033\" data-id=\"4cbe0033\" data-element_type=\"column\" data-settings=\"{&quot;background_background&quot;:&quot;classic&quot;}\">\n\t\t\t<div class=\"elementor-widget-wrap\">\n\t\t\t\t\t\t\t<\/div>\n\t\t<\/div>\n\t\t\t\t\t<\/div>\n\t\t<\/section>\n\t\t\t\t<section class=\"elementor-section elementor-top-section elementor-element elementor-element-dd56670 elementor-section-height-min-height elementor-section-items-stretch elementor-section-content-top elementor-reverse-mobile elementor-section-boxed elementor-section-height-default\" data-id=\"dd56670\" data-element_type=\"section\">\n\t\t\t\t\t\t<div class=\"elementor-container elementor-column-gap-no\">\n\t\t\t\t\t<div class=\"elementor-column elementor-col-100 elementor-top-column elementor-element elementor-element-b87b49c\" data-id=\"b87b49c\" data-element_type=\"column\">\n\t\t\t<div class=\"elementor-widget-wrap elementor-element-populated\">\n\t\t\t\t\t\t<div class=\"elementor-element elementor-element-7d86c32 elementor-widget elementor-widget-gallery\" data-id=\"7d86c32\" data-element_type=\"widget\" data-settings=\"{&quot;columns_mobile&quot;:2,&quot;lazyload&quot;:&quot;yes&quot;,&quot;gallery_layout&quot;:&quot;grid&quot;,&quot;columns&quot;:4,&quot;columns_tablet&quot;:2,&quot;gap&quot;:{&quot;unit&quot;:&quot;px&quot;,&quot;size&quot;:10,&quot;sizes&quot;:[]},&quot;gap_tablet&quot;:{&quot;unit&quot;:&quot;px&quot;,&quot;size&quot;:10,&quot;sizes&quot;:[]},&quot;gap_mobile_extra&quot;:{&quot;unit&quot;:&quot;px&quot;,&quot;size&quot;:10,&quot;sizes&quot;:[]},&quot;gap_mobile&quot;:{&quot;unit&quot;:&quot;px&quot;,&quot;size&quot;:10,&quot;sizes&quot;:[]},&quot;link_to&quot;:&quot;file&quot;,&quot;aspect_ratio&quot;:&quot;3:2&quot;,&quot;overlay_background&quot;:&quot;yes&quot;,&quot;content_hover_animation&quot;:&quot;fade-in&quot;}\" data-widget_type=\"gallery.default\">\n\t\t\t\t<div class=\"elementor-widget-container\">\n\t\t\t\t\t\t\t<div class=\"elementor-gallery__container\">\n\t\t\t\t\t\t\t<a class=\"e-gallery-item elementor-gallery-item elementor-animated-content\" href=\"https:\/\/kistelekisajt.hu\/wp-content\/uploads\/2024\/12\/Kisteleki_sajtgyar_30_0229_Z2_00638-scaled.webp\" data-elementor-open-lightbox=\"yes\" data-elementor-lightbox-slideshow=\"7d86c32\" data-e-action-hash=\"#elementor-action%3Aaction%3Dlightbox%26settings%3DeyJpZCI6NTA2MiwidXJsIjoiaHR0cHM6XC9cL2tpc3RlbGVraXNhanQuaHVcL3dwLWNvbnRlbnRcL3VwbG9hZHNcLzIwMjRcLzEyXC9LaXN0ZWxla2lfc2FqdGd5YXJfMzBfMDIyOV9aMl8wMDYzOC1zY2FsZWQud2VicCIsInNsaWRlc2hvdyI6IjdkODZjMzIifQ%3D%3D\">\n\t\t\t\t\t<div class=\"e-gallery-image elementor-gallery-item__image\" data-thumbnail=\"https:\/\/kistelekisajt.hu\/wp-content\/uploads\/2024\/12\/Kisteleki_sajtgyar_30_0229_Z2_00638-300x200.webp\" data-width=\"300\" data-height=\"200\" aria-label=\"\" role=\"img\" ><\/div>\n\t\t\t\t\t\t\t\t\t\t\t<div class=\"elementor-gallery-item__overlay\"><\/div>\n\t\t\t\t\t\t\t\t\t\t\t\t\t\t<\/a>\n\t\t\t\t\t\t\t<a class=\"e-gallery-item elementor-gallery-item elementor-animated-content\" href=\"https:\/\/kistelekisajt.hu\/wp-content\/uploads\/2024\/12\/Kisteleki_sajtgyar_30_0385_Z1_01126-scaled.webp\" data-elementor-open-lightbox=\"yes\" data-elementor-lightbox-slideshow=\"7d86c32\" data-e-action-hash=\"#elementor-action%3Aaction%3Dlightbox%26settings%3DeyJpZCI6NTA2MywidXJsIjoiaHR0cHM6XC9cL2tpc3RlbGVraXNhanQuaHVcL3dwLWNvbnRlbnRcL3VwbG9hZHNcLzIwMjRcLzEyXC9LaXN0ZWxla2lfc2FqdGd5YXJfMzBfMDM4NV9aMV8wMTEyNi1zY2FsZWQud2VicCIsInNsaWRlc2hvdyI6IjdkODZjMzIifQ%3D%3D\">\n\t\t\t\t\t<div class=\"e-gallery-image elementor-gallery-item__image\" data-thumbnail=\"https:\/\/kistelekisajt.hu\/wp-content\/uploads\/2024\/12\/Kisteleki_sajtgyar_30_0385_Z1_01126-300x200.webp\" data-width=\"300\" data-height=\"200\" aria-label=\"\" role=\"img\" ><\/div>\n\t\t\t\t\t\t\t\t\t\t\t<div class=\"elementor-gallery-item__overlay\"><\/div>\n\t\t\t\t\t\t\t\t\t\t\t\t\t\t<\/a>\n\t\t\t\t\t\t\t<a class=\"e-gallery-item elementor-gallery-item elementor-animated-content\" href=\"https:\/\/kistelekisajt.hu\/wp-content\/uploads\/2024\/12\/Kisteleki_sajtgyar_30_0386_Z1_01136-scaled.webp\" data-elementor-open-lightbox=\"yes\" data-elementor-lightbox-slideshow=\"7d86c32\" data-e-action-hash=\"#elementor-action%3Aaction%3Dlightbox%26settings%3DeyJpZCI6NTA2NCwidXJsIjoiaHR0cHM6XC9cL2tpc3RlbGVraXNhanQuaHVcL3dwLWNvbnRlbnRcL3VwbG9hZHNcLzIwMjRcLzEyXC9LaXN0ZWxla2lfc2FqdGd5YXJfMzBfMDM4Nl9aMV8wMTEzNi1zY2FsZWQud2VicCIsInNsaWRlc2hvdyI6IjdkODZjMzIifQ%3D%3D\">\n\t\t\t\t\t<div class=\"e-gallery-image elementor-gallery-item__image\" data-thumbnail=\"https:\/\/kistelekisajt.hu\/wp-content\/uploads\/2024\/12\/Kisteleki_sajtgyar_30_0386_Z1_01136-300x200.webp\" data-width=\"300\" data-height=\"200\" aria-label=\"\" role=\"img\" ><\/div>\n\t\t\t\t\t\t\t\t\t\t\t<div class=\"elementor-gallery-item__overlay\"><\/div>\n\t\t\t\t\t\t\t\t\t\t\t\t\t\t<\/a>\n\t\t\t\t\t\t\t<a class=\"e-gallery-item elementor-gallery-item elementor-animated-content\" href=\"https:\/\/kistelekisajt.hu\/wp-content\/uploads\/2024\/12\/Kisteleki_sajtgyar_30_0387_Z1_01138-scaled.webp\" data-elementor-open-lightbox=\"yes\" data-elementor-lightbox-slideshow=\"7d86c32\" data-e-action-hash=\"#elementor-action%3Aaction%3Dlightbox%26settings%3DeyJpZCI6NTA2NSwidXJsIjoiaHR0cHM6XC9cL2tpc3RlbGVraXNhanQuaHVcL3dwLWNvbnRlbnRcL3VwbG9hZHNcLzIwMjRcLzEyXC9LaXN0ZWxla2lfc2FqdGd5YXJfMzBfMDM4N19aMV8wMTEzOC1zY2FsZWQud2VicCIsInNsaWRlc2hvdyI6IjdkODZjMzIifQ%3D%3D\">\n\t\t\t\t\t<div class=\"e-gallery-image elementor-gallery-item__image\" data-thumbnail=\"https:\/\/kistelekisajt.hu\/wp-content\/uploads\/2024\/12\/Kisteleki_sajtgyar_30_0387_Z1_01138-300x200.webp\" data-width=\"300\" data-height=\"200\" aria-label=\"\" role=\"img\" ><\/div>\n\t\t\t\t\t\t\t\t\t\t\t<div class=\"elementor-gallery-item__overlay\"><\/div>\n\t\t\t\t\t\t\t\t\t\t\t\t\t\t<\/a>\n\t\t\t\t\t\t\t<a class=\"e-gallery-item elementor-gallery-item elementor-animated-content\" href=\"https:\/\/kistelekisajt.hu\/wp-content\/uploads\/2024\/12\/Kisteleki_sajtgyar_30_0388_Z1_01140-scaled.webp\" data-elementor-open-lightbox=\"yes\" data-elementor-lightbox-slideshow=\"7d86c32\" data-e-action-hash=\"#elementor-action%3Aaction%3Dlightbox%26settings%3DeyJpZCI6NTA2NiwidXJsIjoiaHR0cHM6XC9cL2tpc3RlbGVraXNhanQuaHVcL3dwLWNvbnRlbnRcL3VwbG9hZHNcLzIwMjRcLzEyXC9LaXN0ZWxla2lfc2FqdGd5YXJfMzBfMDM4OF9aMV8wMTE0MC1zY2FsZWQud2VicCIsInNsaWRlc2hvdyI6IjdkODZjMzIifQ%3D%3D\">\n\t\t\t\t\t<div class=\"e-gallery-image elementor-gallery-item__image\" data-thumbnail=\"https:\/\/kistelekisajt.hu\/wp-content\/uploads\/2024\/12\/Kisteleki_sajtgyar_30_0388_Z1_01140-300x200.webp\" data-width=\"300\" data-height=\"200\" aria-label=\"\" role=\"img\" ><\/div>\n\t\t\t\t\t\t\t\t\t\t\t<div class=\"elementor-gallery-item__overlay\"><\/div>\n\t\t\t\t\t\t\t\t\t\t\t\t\t\t<\/a>\n\t\t\t\t\t<\/div>\n\t\t\t\t\t<\/div>\n\t\t\t\t<\/div>\n\t\t\t\t\t<\/div>\n\t\t<\/div>\n\t\t\t\t\t<\/div>\n\t\t<\/section>\n\t\t\t\t<\/div>","protected":false},"excerpt":{"rendered":"<p>A Kisteleki M+M Sajtgy\u00e1rt\u00f3 Kft. fenn\u00e1ll\u00e1s\u00e1nak 30. \u00e9vfordul\u00f3j\u00e1t \u00fcnnepelte egy \u00a0rendezv\u00e9ny keret\u00e9ben, hogy egy\u00fctt \u00fcnnepeljenek a c\u00e9g m\u00faltbeli sikereinek \u00e9s j\u00f6v\u0151beli c\u00e9lkit\u0171z\u00e9seinek jegy\u00e9ben. Az esem\u00e9nyr\u0151l k\u00e9sz\u00fclt fot\u00f3k meg\u00f6r\u00f6k\u00edtik a k\u00fcl\u00f6nleges pillanatokat \u00e9s a k\u00f6z\u00f6ss\u00e9g \u00f6sszetartoz\u00e1s\u00e1t. Kistelek v\u00e1ros polg\u00e1rmestere Nagy S\u00e1ndor \u00e1tadja a d\u00edszoklevelet magyar J\u00f3zsef \u00fcgyvezet\u0151nek. Nagy S\u00e1ndor polg\u00e1rmester, magyar J\u00f3zsef tulajdonos, magyar J\u00f3zsef \u00fcgyvezet\u0151. [&hellip;]<\/p>\n","protected":false},"author":1,"featured_media":5193,"comment_status":"open","ping_status":"open","sticky":false,"template":"","format":"standard","meta":{"footnotes":""},"categories":[103],"tags":[],"class_list":["post-5057","post","type-post","status-publish","format-standard","has-post-thumbnail","hentry","category-hirek"],"_links":{"self":[{"href":"https:\/\/kistelekisajt.hu\/en\/wp-json\/wp\/v2\/posts\/5057","targetHints":{"allow":["GET"]}}],"collection":[{"href":"https:\/\/kistelekisajt.hu\/en\/wp-json\/wp\/v2\/posts"}],"about":[{"href":"https:\/\/kistelekisajt.hu\/en\/wp-json\/wp\/v2\/types\/post"}],"author":[{"embeddable":true,"href":"https:\/\/kistelekisajt.hu\/en\/wp-json\/wp\/v2\/users\/1"}],"replies":[{"embeddable":true,"href":"https:\/\/kistelekisajt.hu\/en\/wp-json\/wp\/v2\/comments?post=5057"}],"version-history":[{"count":56,"href":"https:\/\/kistelekisajt.hu\/en\/wp-json\/wp\/v2\/posts\/5057\/revisions"}],"predecessor-version":[{"id":5208,"href":"https:\/\/kistelekisajt.hu\/en\/wp-json\/wp\/v2\/posts\/5057\/revisions\/5208"}],"wp:featuredmedia":[{"embeddable":true,"href":"https:\/\/kistelekisajt.hu\/en\/wp-json\/wp\/v2\/media\/5193"}],"wp:attachment":[{"href":"https:\/\/kistelekisajt.hu\/en\/wp-json\/wp\/v2\/media?parent=5057"}],"wp:term":[{"taxonomy":"category","embeddable":true,"href":"https:\/\/kistelekisajt.hu\/en\/wp-json\/wp\/v2\/categories?post=5057"},{"taxonomy":"post_tag","embeddable":true,"href":"https:\/\/kistelekisajt.hu\/en\/wp-json\/wp\/v2\/tags?post=5057"}],"curies":[{"name":"wp","href":"https:\/\/api.w.org\/{rel}","templated":true}]}}